{"id":1583,"count":6,"description":"Ma d\u00e9marche explore l\u2019identit\u00e9, le lien entre \u00eatre et para\u00eetre, et la photographie comme repr\u00e9sentation du r\u00e9el. Par un portrait frontal et \u00e9pur\u00e9, je r\u00e9v\u00e8le les nuances de l\u2019intime, m\u2019interrogeant autant sur autrui que sur moi-m\u00eame.","link":"https:\/\/extrasmall.1030.be\/nl\/artiste\/sanchez-castillo\/","name":"Sanchez Castillo Fernando","slug":"sanchez-castillo","taxonomy":"product_cat","parent":0,"meta":[],"menu_order":0,"acf":[],"_links":{"self":[{"href":"https:\/\/extrasmall.1030.be\/nl\/wp-json\/wp\/v2\/product_cat\/1583","targetHints":{"allow":["GET"]}}],"collection":[{"href":"https:\/\/extrasmall.1030.be\/nl\/wp-json\/wp\/v2\/product_cat"}],"about":[{"href":"https:\/\/extrasmall.1030.be\/nl\/wp-json\/wp\/v2\/taxonomies\/product_cat"}],"wp:post_type":[{"href":"https:\/\/extrasmall.1030.be\/nl\/wp-json\/wp\/v2\/product?product_cat=1583"}],"curies":[{"name":"wp","href":"https:\/\/api.w.org\/{rel}","templated":true}]}}