{"id":1546,"count":6,"description":"Fascin\u00e9 par la lumi\u00e8re et les ombres, j'essaie de cr\u00e9er des contrastes profonds afin de capturer les \u00e9motions, les ambiances qui \u00e9mergent d'une sc\u00e8ne.  \r\nLes formes architecturales et g\u00e9om\u00e9triques sont \u00e9galement une source d\u2019inspiration, j'aime m\u00ealer angles et contrastes.\r\nTh\u00e8me: La solitude","link":"https:\/\/extrasmall.1030.be\/nl\/artiste\/bouvier\/","name":"Bouvier Laurent","slug":"bouvier","taxonomy":"product_cat","parent":0,"meta":[],"menu_order":0,"acf":[],"_links":{"self":[{"href":"https:\/\/extrasmall.1030.be\/nl\/wp-json\/wp\/v2\/product_cat\/1546","targetHints":{"allow":["GET"]}}],"collection":[{"href":"https:\/\/extrasmall.1030.be\/nl\/wp-json\/wp\/v2\/product_cat"}],"about":[{"href":"https:\/\/extrasmall.1030.be\/nl\/wp-json\/wp\/v2\/taxonomies\/product_cat"}],"wp:post_type":[{"href":"https:\/\/extrasmall.1030.be\/nl\/wp-json\/wp\/v2\/product?product_cat=1546"}],"curies":[{"name":"wp","href":"https:\/\/api.w.org\/{rel}","templated":true}]}}