{"id":1531,"count":4,"description":"Inspir\u00e9e par les textiles, les formes, les couleurs et les textures, je cr\u00e9e des peintures abstraites et figuratives afin de m'\u00e9vader du monde oppressant d'aujourd'hui. \u00c0 travers mon art, j'esp\u00e8re offrir aux autres un moment de calme et de r\u00e9pit face \u00e0 l'intensit\u00e9 de la vie moderne.","link":"https:\/\/extrasmall.1030.be\/nl\/artiste\/pohl\/","name":"Pohl Clara","slug":"pohl","taxonomy":"product_cat","parent":0,"meta":[],"menu_order":0,"acf":[],"_links":{"self":[{"href":"https:\/\/extrasmall.1030.be\/nl\/wp-json\/wp\/v2\/product_cat\/1531","targetHints":{"allow":["GET"]}}],"collection":[{"href":"https:\/\/extrasmall.1030.be\/nl\/wp-json\/wp\/v2\/product_cat"}],"about":[{"href":"https:\/\/extrasmall.1030.be\/nl\/wp-json\/wp\/v2\/taxonomies\/product_cat"}],"wp:post_type":[{"href":"https:\/\/extrasmall.1030.be\/nl\/wp-json\/wp\/v2\/product?product_cat=1531"}],"curies":[{"name":"wp","href":"https:\/\/api.w.org\/{rel}","templated":true}]}}